{"id":21981,"date":"2022-12-20T11:57:47","date_gmt":"2022-12-20T10:57:47","guid":{"rendered":"https:\/\/www.saamo.be\/samen-op-straat-trekt-naar-brussel-gent-vilvoorde-en-willebroek\/"},"modified":"2023-01-10T16:30:32","modified_gmt":"2023-01-10T15:30:32","slug":"samen-op-straat-trekt-naar-brussel-gent-vilvoorde-en-willebroek","status":"publish","type":"post","link":"https:\/\/www.saamo.be\/fr\/vlaams-brabant\/samen-op-straat-trekt-naar-brussel-gent-vilvoorde-en-willebroek\/","title":{"rendered":"Samen op straat s\u2019\u00e9tend \u00e0 Bruxelles, Gand, Vilvorde et Willebroek"},"content":{"rendered":"<p><strong>Le projet SAAMO \u2018Samen op Straat\u2019, \u00e0 Anvers, a plusieurs fois fait parler de lui dans les m\u00e9dias durant la Coupe du Monde au Qatar. Des volontaires de quartier sont descendus dans la rue pour \u00e9viter des d\u00e9bordements de la part de supporters de football trop exub\u00e9rants. Leur succ\u00e8s est le r\u00e9sultat d\u2019ann\u00e9es de travail interg\u00e9n\u00e9rationnel de travailleurs communautaires qui jettent des ponts entre des jeunes et d\u2019autres acteurs dans leur quartier. Ces actions se sont d\u00e9roul\u00e9es dans des quartiers jeunes et \u00e0 forte densit\u00e9 de population tels que Borgerhout, Antwerpen-Kiel et Antwerpen-Noord. Le ministre flamand en charge de la lutte contre la pauvret\u00e9 Benjamin Dalle permet de d\u00e9ployer ce projet dot\u00e9 de moyens flamands dans des quartiers de Bruxelles, Gand, Vilvorde et Willebroek.<\/strong><\/p>\n<h2><strong>Les jeunes au centre<\/strong><\/h2>\n<p>Les jeunes sont au centre du projet \u2018Samen op straat\u2019. Des travailleurs communautaires s\u2019adressent \u00e0 des jeunes qui ne trouvent pas leur place dans les animations pour la jeunesse, des formations ou des emplois. Ils font leur connaissance sur des places ou \u00e0 des coins de rue. Et ils s\u2019engagent avec ces jeunes pour mettre leurs talents au service du quartier, travailler \u00e0 des solutions politiques et agir pr\u00e9ventivement, avec des volontaires locaux plus \u00e2g\u00e9s, pour \u00e9viter des probl\u00e8mes dans le quartier.<\/p>\n<p>.<\/p>\n<h2><strong>Travail communautaire et amour du quartier<\/strong><\/h2>\n<p>Les travailleurs communautaires de \u2018Samen op straat\u2019 connaissent bien les quartiers dans lesquels ils sont actifs. Ils construisent des relations de confiance avec des jeunes, mais aussi avec des adultes et d\u2019autres habitants et acteurs du quartier. Ces bonnes relations, qui r\u00e9sultent d\u2019un amour commun pour la vie du quartier, permettent aux diff\u00e9rentes parties de mieux se conna\u00eetre et se comprendre et d\u2019imaginer de meilleures solutions \u00e0 des probl\u00e8mes locaux. \u00c0 Anvers, \u2018Samen op straat\u2019 collabore tr\u00e8s \u00e9troitement le secteur des animations pour la jeunesse, avec des associations de commer\u00e7ants et avec des organisateurs d\u2019\u00e9v\u00e8nements. Ces partenariats contribuent aussi \u00e0 am\u00e9liorer les contacts entre les jeunes et la police.<\/p>\n<h2><strong>Collaboration avec des volontaires adultes\u00a0<\/strong><\/h2>\n<p>\u2018Samen op straat\u2019 travaille aussi avec des habitants adultes qui s\u2019engagent dans leur quartier. Ainsi que le dit l\u2019un de ces volontaires locaux : \u201cTout comme un p\u00e8re veut le meilleur pour son enfant, nous voulons aussi le meilleur pour notre quartier.\u201d Le soit, ces volontaires circulent sur les places et dans les rues du quartier. Les jeunes, d\u2019autres habitants et les autorit\u00e9s locales peuvent s\u2019adresser \u00e0 eux. Ils font cela \u00e0 des moments o\u00f9 il y a beaucoup de monde en rue et sur les places. Les volontaires anversois de quartier ont ainsi \u00e9t\u00e9 tr\u00e8s actifs ces derni\u00e8res semaines durant la Coupe du Monde de football.<\/p>\n<h2><strong>On recherche des travailleurs communautaires<\/strong><\/h2>\n<p>Pour pouvoir d\u00e9ployer le projet \u2018Samen op straat\u2019 dans d\u2019autres quartiers en Flandre et \u00e0 Bruxelles, SAAMO part \u00e0 la recherche de travailleurs communautaires qui sont ouverts aux jeunes et \u00e0 leurs quartiers dans la cit\u00e9 du Peterbos \u00e0 Bruxelles, \u00e0 Houtem et dans le quartier de la gare \u00e0 Vilvorde et dans le quartier Muide-Meulestede-Afrikalaan \u00e0 Gand. Vous savez ce que c\u2019est que de grandir dans l\u2019un de ces quartiers ? Vous voyez les jeunes comme des opportunit\u00e9s alors que d\u2019autres les consid\u00e8rent comme une nuisance\u00a0? Et vous aimeriez aussi travailler avec des adultes et construire des relations tr\u00e8s diversifi\u00e9es\u00a0? Vous percevez vite le lien entre un probl\u00e8me commun et une recommandation concr\u00e8te\u00a0? Dans ce cas, \u2018Samen op straat\u2019 est peut-\u00eatre quelque chose qui vous convient.<\/p>\n<p>Consultez les offres d&#8217;emploi \u00e0 <a href=\"https:\/\/www.saamo.be\/fr\/bruxelles\/postes-vacants\/\">Bruxelles<\/a>, <a href=\"https:\/\/www.saamo.be\/gent\/vacatures\/\">Gand<\/a> et <a href=\"https:\/\/www.saamo.be\/vlaams-brabant\/vacatures\/\">Vilvorde<\/a>.<\/p>\n","protected":false},"excerpt":{"rendered":"<p>Minister van armoedebestrijding Benjamin Dalle maakt het mogelijk om Samen op straat met Vlaamse middelen uit te rollen naar wijken in Brussel, Gent, Vilvoorde en Willebroek.<\/p>\n","protected":false},"author":4,"featured_media":21468,"comment_status":"open","ping_status":"open","sticky":false,"template":"","format":"standard","meta":{"_acf_changed":false,"_analytify_skip_tracking":false,"footnotes":""},"categories":[427],"tags":[],"post_series":[],"class_list":["post-21981","post","type-post","status-publish","format-standard","has-post-thumbnail","hentry","category-non-classifiee","thema-krachtige-buurten-en-steden-fr","regio-antwerpen-fr","regio-bruxelles","regio-gent-fr","regio-koepelsite-fr","regio-provincie-antwerpen-fr","regio-vlaams-brabant-fr","entry","has-media"],"acf":[],"_links":{"self":[{"href":"https:\/\/www.saamo.be\/fr\/wp-json\/wp\/v2\/posts\/21981","targetHints":{"allow":["GET"]}}],"collection":[{"href":"https:\/\/www.saamo.be\/fr\/wp-json\/wp\/v2\/posts"}],"about":[{"href":"https:\/\/www.saamo.be\/fr\/wp-json\/wp\/v2\/types\/post"}],"author":[{"embeddable":true,"href":"https:\/\/www.saamo.be\/fr\/wp-json\/wp\/v2\/users\/4"}],"replies":[{"embeddable":true,"href":"https:\/\/www.saamo.be\/fr\/wp-json\/wp\/v2\/comments?post=21981"}],"version-history":[{"count":2,"href":"https:\/\/www.saamo.be\/fr\/wp-json\/wp\/v2\/posts\/21981\/revisions"}],"predecessor-version":[{"id":21983,"href":"https:\/\/www.saamo.be\/fr\/wp-json\/wp\/v2\/posts\/21981\/revisions\/21983"}],"wp:featuredmedia":[{"embeddable":true,"href":"https:\/\/www.saamo.be\/fr\/wp-json\/wp\/v2\/media\/21468"}],"wp:attachment":[{"href":"https:\/\/www.saamo.be\/fr\/wp-json\/wp\/v2\/media?parent=21981"}],"wp:term":[{"taxonomy":"category","embeddable":true,"href":"https:\/\/www.saamo.be\/fr\/wp-json\/wp\/v2\/categories?post=21981"},{"taxonomy":"post_tag","embeddable":true,"href":"https:\/\/www.saamo.be\/fr\/wp-json\/wp\/v2\/tags?post=21981"},{"taxonomy":"post_series","embeddable":true,"href":"https:\/\/www.saamo.be\/fr\/wp-json\/wp\/v2\/post_series?post=21981"}],"curies":[{"name":"wp","href":"https:\/\/api.w.org\/{rel}","templated":true}]}}