{"id":25320,"date":"2023-06-27T11:19:00","date_gmt":"2023-06-27T09:19:00","guid":{"rendered":"https:\/\/www.saamo.be\/lees-nu-de-ocmw-infobrochure-alles-over-je-rechten-bij-het-ocmw\/"},"modified":"2023-06-27T12:33:59","modified_gmt":"2023-06-27T10:33:59","slug":"lees-nu-de-ocmw-infobrochure-alles-over-je-rechten-bij-het-ocmw","status":"publish","type":"post","link":"https:\/\/www.saamo.be\/fr\/brussel\/lees-nu-de-ocmw-infobrochure-alles-over-je-rechten-bij-het-ocmw\/","title":{"rendered":"Lisez d\u00e8s maintenant la brochure info CPAS: tout sur vos droits au CPAS"},"content":{"rendered":"<p><strong>Nous avons constat\u00e9 un grand besoin d&rsquo;informations correctes et compl\u00e8tes sur le CPAS, tant parmi les ayants droits du RIS que parmi les travailleurs de premi\u00e8re ligne de diverses organisations sociales. Nous avons rassembl\u00e9 toutes nos connaissances pratiques dans une brochure d&rsquo;information sur vos droits au sein du CPAS.<\/strong><\/p>\n<h2>Informations collect\u00e9es avec des connaissances pratiques sur vos droits au CPAS<\/h2>\n<p>Cette brochure sur vos droits au CPAS est un guide destin\u00e9 \u00e0 toute personne en contact avec le CPAS ou qui, en tant que professionnel social, souhaite aider les b\u00e9n\u00e9ficiaires \u00e0 faire valoir leurs droits.<\/p>\n<p>Elle est bas\u00e9e sur les connaissances pratiques du projet de travail communautaire Baskuul de la SAAMO Bruxelles, mais aussi sur des informations provenant d&rsquo;Infordroits asbl, de Droits Quotidiens et de l&rsquo;Atelier Droits Sociaux asbl. Les informations et les chiffres sont valables \u00e0 partir du 1er janvier 2023.<\/p>\n<p>Via le lien ci-dessous, vous trouverez les versions n\u00e9erlandaise (OCWM) et fran\u00e7aise (CPAS).<\/p>\n<h2>D\u00e9velopp\u00e9 \u00e0 partir du projet Baskuul, avec et pour les ayants droits du RIS<\/h2>\n<p>Dans le cadre du projet STEK Baskuul, nous nous sommes plong\u00e9s pendant cinq ans dans la question du CPAS. Quels sont les seuils rencontr\u00e9s par les ayants droits du RIS lorsqu&rsquo;ils demandent de l&rsquo;aide au CPAS ? Qu&rsquo;est-ce qui emp\u00eache les gens de faire valoir leurs droits ? Nous avons organis\u00e9 un moment d&rsquo;accueil hebdomadaire o\u00f9 ayants droits du RIS bruxellois pouvaient poser toutes leurs questions sur leurs droits au CPAS. Nous avons d\u00e9couvert ensemble quels \u00e9taient leurs droits et nous les avons aid\u00e9s \u00e0 les faire valoir. Baskuul a cr\u00e9\u00e9 cette brochure \u00e0 partir de toutes ces connaissances et exp\u00e9riences, et nous travaillons \u00e9galement sur une autre publication pour l&rsquo;automne, plus d&rsquo;informations \u00e0 ce sujet ult\u00e9rieurement.<\/p>\n<p>&nbsp;<\/p>\n<p><a class=\"theme-button\" href=\"https:\/\/www.saamo.be\/fr\/tool\/infobrochure-ocmw\/\" target=\"_blank\" rel=\"noopener\">T\u00e9l\u00e9chargez la brochure maintenant<\/a><\/p>\n","protected":false},"excerpt":{"rendered":"<p>Nous avons constat\u00e9 un grand besoin d&rsquo;informations correctes et compl\u00e8tes sur le CPAS, tant parmi les ayants droits du RIS que parmi les travailleurs de premi\u00e8re ligne de diverses organisations sociales. Nous avons rassembl\u00e9 toutes nos connaissances pratiques dans une brochure d&rsquo;information sur vos droits au sein du CPAS. Informations collect\u00e9es avec des connaissances pratiques&hellip;<\/p>\n","protected":false},"author":17,"featured_media":25234,"comment_status":"open","ping_status":"open","sticky":false,"template":"","format":"standard","meta":{"_acf_changed":false,"_analytify_skip_tracking":false,"footnotes":""},"categories":[499],"tags":[689,690],"post_series":[],"class_list":["post-25320","post","type-post","status-publish","format-standard","has-post-thumbnail","hentry","category-nieuwsbericht-fr","tag-ocmw-fr","tag-sociale-bescherming-fr","thema-citoyennete-collective","thema-defense-des-interets","thema-sociale-bescherming-fr","thema-solidarite","regio-bruxelles","regio-koepelsite-fr","entry","has-media"],"acf":[],"_links":{"self":[{"href":"https:\/\/www.saamo.be\/fr\/wp-json\/wp\/v2\/posts\/25320","targetHints":{"allow":["GET"]}}],"collection":[{"href":"https:\/\/www.saamo.be\/fr\/wp-json\/wp\/v2\/posts"}],"about":[{"href":"https:\/\/www.saamo.be\/fr\/wp-json\/wp\/v2\/types\/post"}],"author":[{"embeddable":true,"href":"https:\/\/www.saamo.be\/fr\/wp-json\/wp\/v2\/users\/17"}],"replies":[{"embeddable":true,"href":"https:\/\/www.saamo.be\/fr\/wp-json\/wp\/v2\/comments?post=25320"}],"version-history":[{"count":2,"href":"https:\/\/www.saamo.be\/fr\/wp-json\/wp\/v2\/posts\/25320\/revisions"}],"predecessor-version":[{"id":25325,"href":"https:\/\/www.saamo.be\/fr\/wp-json\/wp\/v2\/posts\/25320\/revisions\/25325"}],"wp:featuredmedia":[{"embeddable":true,"href":"https:\/\/www.saamo.be\/fr\/wp-json\/wp\/v2\/media\/25234"}],"wp:attachment":[{"href":"https:\/\/www.saamo.be\/fr\/wp-json\/wp\/v2\/media?parent=25320"}],"wp:term":[{"taxonomy":"category","embeddable":true,"href":"https:\/\/www.saamo.be\/fr\/wp-json\/wp\/v2\/categories?post=25320"},{"taxonomy":"post_tag","embeddable":true,"href":"https:\/\/www.saamo.be\/fr\/wp-json\/wp\/v2\/tags?post=25320"},{"taxonomy":"post_series","embeddable":true,"href":"https:\/\/www.saamo.be\/fr\/wp-json\/wp\/v2\/post_series?post=25320"}],"curies":[{"name":"wp","href":"https:\/\/api.w.org\/{rel}","templated":true}]}}