{"id":33925,"date":"2024-06-10T10:17:18","date_gmt":"2024-06-10T08:17:18","guid":{"rendered":"https:\/\/www.saamo.be\/organisaties-roepen-op-tot-coalitie-voor-democratie-en-mensenrechten\/"},"modified":"2024-06-10T12:50:53","modified_gmt":"2024-06-10T10:50:53","slug":"organisaties-roepen-op-tot-coalitie-voor-democratie-en-mensenrechten","status":"publish","type":"post","link":"https:\/\/www.saamo.be\/fr\/brussel\/appel-coalition-pour-democratie-droits-humains\/","title":{"rendered":"Appel \u00e0 des coalitions pour la d\u00e9mocratie et les droits humains"},"content":{"rendered":"<p>En tant qu&rsquo;organisation de la soci\u00e9t\u00e9 civile, nous sommes attach\u00e9s \u00e0 la d\u00e9mocratie. C&rsquo;est pourquoi nous sommes profond\u00e9ment pr\u00e9occup\u00e9s par les r\u00e9sultats \u00e9lectoraux de l&rsquo;extr\u00eame droite.<\/p>\n<p>Par notre travail communautaire, nous luttons pour une soci\u00e9t\u00e9 solidaire et durable dans une d\u00e9mocratie saine et un \u00e9tat de droit. Nous donnons une voix aux divers groupes de la soci\u00e9t\u00e9 qui sont trop souvent insuffisamment entendus et vus. Nous plaidons pour une soci\u00e9t\u00e9 inclusive o\u00f9 il fait bon vivre pour tous, aujourd&rsquo;hui et dans l\u2019avenir.<\/p>\n<p>Nous ne voulons pas ignorer les pr\u00e9occupations de la soci\u00e9t\u00e9 et des personnes en situation de pr\u00e9carit\u00e9, nous les prenons \u00e0 c\u0153ur. Les gens sont pr\u00e9occup\u00e9s par leur pouvoir d&rsquo;achat, l&rsquo;acc\u00e8s aux soins de sant\u00e9, la s\u00e9curit\u00e9 et la n\u00e9cessit\u00e9 d&rsquo;un logement durable et abordable. Ils veulent pouvoir respirer, au sens propre comme au sens figur\u00e9.<\/p>\n<h2>R\u00e9pondre aux d\u00e9fis et aux pr\u00e9occupations des citoyens<\/h2>\n<p>Nous sommes \u00e0 leurs c\u00f4t\u00e9s et attendons des prochains gouvernements de ce pays qu&rsquo;ils rel\u00e8vent les d\u00e9fis sociaux, \u00e9conomiques et mondiaux et qu&rsquo;ils agissent en cons\u00e9quence. Nous attendons des r\u00e9ponses tangibles aux v\u00e9ritables d\u00e9fis et pr\u00e9occupations de nombreux citoyens : l&rsquo;augmentation des prix \u00a0et la difficult\u00e9 croissante \u00e0 joindre les deux bouts, l&rsquo;impact des guerres et de la violence, la mont\u00e9e du racisme, la p\u00e9nurie de logements abordables et de qualit\u00e9, la suppression des trains et des arr\u00eats de bus, la disparition des espaces verts, la pollution et l&rsquo;appauvrissement de notre nature, le nombre croissant de personnes (y compris des demandeurs d&rsquo;asile) contraintes de vivre dans la rue, &#8230; etc.<\/p>\n<h2>L&rsquo;\u00e9galit\u00e9 et la libert\u00e9 dans un \u00c9tat de droit d\u00e9mocratique<\/h2>\n<p>L&rsquo;extr\u00eame droite n&rsquo;apporte aucune r\u00e9ponse aux grands d\u00e9fis sociaux d&rsquo;aujourd&rsquo;hui. En outre, elle continue \u00e0 d\u00e9fendre des points de vue ouvertement racistes, sexistes et LGBTQI+-phobes. Ce faisant, elle porte atteinte \u00e0 des valeurs fondamentales telles que l&rsquo;\u00e9galit\u00e9 et la libert\u00e9 dans un \u00c9tat de droit d\u00e9mocratique.<\/p>\n<p>Les droits humains sont activement remis en question et des citoyens de premi\u00e8re et de deuxi\u00e8me classe sont cr\u00e9\u00e9s. Nous sommes r\u00e9ellement pr\u00e9occup\u00e9s par la s\u00e9curit\u00e9 et le bien-\u00eatre de nombreux groupes dans la soci\u00e9t\u00e9 <strong>il <\/strong>ne s&rsquo;agit plus uniquement de groupes minoritaires.<\/p>\n<h2>Ne pas adopter de recettes excluantes et anti-solidaires<\/h2>\n<p>Nous demandons instamment \u00e0 tous les partis d\u00e9mocratiques de ne pas former de coalition avec le Vlaams Belang et de ne pas adopter ses recettes d&rsquo;exclusion et d&rsquo;anti-solidarit\u00e9.<\/p>\n<p>Nous pr\u00e9conisons d&rsquo;utiliser le consensus scientifique et les droits humains comme point de d\u00e9part des choix politiques, de respecter la participation structurelle et la consultation de la soci\u00e9t\u00e9 civile, tout en prenant des mesures en faveur d&rsquo;une plus grande d\u00e9mocratie et d&rsquo;une plus grande participation des citoyens.<\/p>\n<p>La solidarit\u00e9 est notre force !<\/p>\n<p>&nbsp;<\/p>\n<p>&nbsp;<\/p>\n","protected":false},"excerpt":{"rendered":"<p>We roepen op om coalities te vormen die democratie, solidariteit en mensenrechten hoog in het vaandel dragen.<\/p>\n","protected":false},"author":4,"featured_media":33893,"comment_status":"open","ping_status":"open","sticky":false,"template":"","format":"standard","meta":{"_acf_changed":false,"_analytify_skip_tracking":false,"footnotes":""},"categories":[427],"tags":[],"post_series":[],"class_list":["post-33925","post","type-post","status-publish","format-standard","has-post-thumbnail","hentry","category-non-classifiee","regio-antwerpen-fr","regio-bruxelles","regio-flandres-occidentales","regio-gent-fr","regio-koepelsite-fr","regio-oost-vlaanderen-fr","regio-provincie-antwerpen-fr","regio-vlaams-brabant-fr","entry","has-media"],"acf":[],"_links":{"self":[{"href":"https:\/\/www.saamo.be\/fr\/wp-json\/wp\/v2\/posts\/33925","targetHints":{"allow":["GET"]}}],"collection":[{"href":"https:\/\/www.saamo.be\/fr\/wp-json\/wp\/v2\/posts"}],"about":[{"href":"https:\/\/www.saamo.be\/fr\/wp-json\/wp\/v2\/types\/post"}],"author":[{"embeddable":true,"href":"https:\/\/www.saamo.be\/fr\/wp-json\/wp\/v2\/users\/4"}],"replies":[{"embeddable":true,"href":"https:\/\/www.saamo.be\/fr\/wp-json\/wp\/v2\/comments?post=33925"}],"version-history":[{"count":2,"href":"https:\/\/www.saamo.be\/fr\/wp-json\/wp\/v2\/posts\/33925\/revisions"}],"predecessor-version":[{"id":33929,"href":"https:\/\/www.saamo.be\/fr\/wp-json\/wp\/v2\/posts\/33925\/revisions\/33929"}],"wp:featuredmedia":[{"embeddable":true,"href":"https:\/\/www.saamo.be\/fr\/wp-json\/wp\/v2\/media\/33893"}],"wp:attachment":[{"href":"https:\/\/www.saamo.be\/fr\/wp-json\/wp\/v2\/media?parent=33925"}],"wp:term":[{"taxonomy":"category","embeddable":true,"href":"https:\/\/www.saamo.be\/fr\/wp-json\/wp\/v2\/categories?post=33925"},{"taxonomy":"post_tag","embeddable":true,"href":"https:\/\/www.saamo.be\/fr\/wp-json\/wp\/v2\/tags?post=33925"},{"taxonomy":"post_series","embeddable":true,"href":"https:\/\/www.saamo.be\/fr\/wp-json\/wp\/v2\/post_series?post=33925"}],"curies":[{"name":"wp","href":"https:\/\/api.w.org\/{rel}","templated":true}]}}