{"id":9943,"date":"2021-11-17T14:01:12","date_gmt":"2021-11-17T13:01:12","guid":{"rendered":"https:\/\/www.saamo.be\/opvang-van-asielzoekers-kroniek-van-een-voorspelde-crisis\/"},"modified":"2021-11-17T19:32:14","modified_gmt":"2021-11-17T18:32:14","slug":"opvang-van-asielzoekers-kroniek-van-een-voorspelde-crisis","status":"publish","type":"post","link":"https:\/\/www.saamo.be\/fr\/bruxelles\/accueil-des-demandeureuses-dasile-chronique-dune-crise-annoncee\/","title":{"rendered":"Accueil des demandeur\u00b7euse\u00b7s d\u2019asile : chronique d\u2019une crise annonc\u00e9e"},"content":{"rendered":"<h3>Communiqu\u00e9 de presse &#8211; 16 november 2021<\/h3>\n<p>Le r\u00e9seau d\u2019accueil est une fois de plus satur\u00e9. Depuis pr\u00e8s de quatre semaines et ce matin encore, de<br \/>\nnombreuses personnes se voient refuser l\u2019enregistrement de leur demande de protection et nier leur<br \/>\ndroit \u00e0 l\u2019accueil aupr\u00e8s du centre d\u2019arriv\u00e9e, qui par ailleurs \u00e9tait ferm\u00e9 ces cinq derniers jours. Cette<br \/>\nnouvelle crise est due \u00e0 la mauvaise gestion du r\u00e9seau d\u2019accueil par les autorit\u00e9s, ce que des associations<br \/>\nd\u00e9noncent depuis plus de dix ans ! Des personnes en d\u00e9tresse paient les cons\u00e9quences de cette incurie,<br \/>\nleur droit d\u2019asile est bafou\u00e9, et elles sont laiss\u00e9es dans le d\u00e9nuement le plus total. Nos organisations citent<br \/>\nune fois de plus l\u2019\u00c9tat belge \u00e0 comparaitre pour mettre fin \u00e0 ces violations de droits.<br \/>\nUn nombre tr\u00e8s limit\u00e9 de personnes peut d\u00e9sormais franchir les portes du centre d\u2019arriv\u00e9e du Petit-Ch\u00e2teau, en<br \/>\npriorit\u00e9, celles qui pr\u00e9sentent un \u00ab profil vuln\u00e9rable \u00bb. Les autres, chaque jour plus nombreuses, sont laiss\u00e9es<br \/>\n\u00e0 la rue, sans possibilit\u00e9 de faire enregistrer leur demande d\u2019asile, sans recevoir l\u2019accueil auquel elles ont droit<br \/>\nde la part de Fedasil, et sans qu\u2019aucune information ne leur soit donn\u00e9e. Les b\u00e9n\u00e9voles et les travailleur\u00b7euse\u00b7s<br \/>\ndes associations plaignantes tentent de pallier ces manques, mais se heurtent \u00e0 la saturation des structures d\u2019accueil (d\u2019urgence ou non), comme le Samusocial, les centres de la Plateforme citoyenne ou le centre PSA de la<br \/>\nCroix-rouge, dont la mission n\u2019est d\u2019ailleurs pas d\u2019accueillir des demandeur\u00b7euse\u00b7s d\u2019asile.<br \/>\nLes autorit\u00e9s reconnaissent la situation de crise, mais invoquent la mise sous pression du r\u00e9seau d\u2019accueil du<br \/>\nfait des inondations, des rapatriements d\u2019Afghanistan, de la longueur de la proc\u00e9dure d\u2019asile, des lits r\u00e9serv\u00e9s<br \/>\n\u00ab Covid \u00bb\u2026<br \/>\nCette litanie est cyclique, avec quelques variantes dans les facteurs all\u00e9gu\u00e9s. Elle ne convainc plus personne.<br \/>\nLa seule explication de la saturation quasi permanente du r\u00e9seau d\u2019accueil est sa mauvaise gestion. Fermeture<br \/>\nde milliers de places et licenciement du personnel qualifi\u00e9 d\u00e8s que le nombre d\u2019arriv\u00e9es diminue, r\u00e9ouverture<br \/>\nde places et r\u00e9engagements en urgence quand les arriv\u00e9es remontent, travailleur\u00b7euse\u00b7s de Fedasil \u00e9puis\u00e9\u00b7e\u00b7s et<br \/>\ndans l\u2019incapacit\u00e9 de fournir un travail de qualit\u00e9, b\u00e9n\u00e9ficiaires maltrait\u00e9\u00b7e\u00b7s par un syst\u00e8me qui ne fonctionne<br \/>\npas\u2026 Aucune anticipation, aucune souplesse, aucun respect des personnes et de leurs droits.<br \/>\nFedasil dit rechercher activement des sites pour ouvrir de nouvelles places d\u2019accueil. Le gouvernement f\u00e9d\u00e9ral<br \/>\nannonce la cr\u00e9ation de 5400 places \u00ab tampons \u00bb. Mais malgr\u00e9 l\u2019urgence de la situation, aucune solution imm\u00e9diate de mise \u00e0 l\u2019abri des personnes concern\u00e9es n\u2019est envisag\u00e9e.<br \/>\nUne fois de plus, l\u2019\u00c9tat contrevient au droit belge et europ\u00e9en en mati\u00e8re d\u2019asile et d\u2019accueil. Enregistrer les demandes et fournir une place d\u2019accueil aux demandeur\u00b7euse\u00b7s d\u2019asile pendant leur proc\u00e9dure est une obligation<br \/>\nqui incombe \u00e0 l\u2019\u00c9tat. Laisser des personnes \u00e0 la rue, faute de leur d\u00e9signer une place d\u2019accueil est consid\u00e9r\u00e9<br \/>\ncomme un traitement inhumain et d\u00e9gradant.<br \/>\nLe respect des droits humains n\u2019est pas une option \u00e0 prendre ou non au gr\u00e9 des circonstances, quand on en a la<br \/>\npossibilit\u00e9, ou quand on y pense&#8230; C\u2019est une obligation et un devoir, quelles que soient les conditions.<\/p>\n<p>Ces derni\u00e8res ann\u00e9es, plusieurs organisations ont d\u00fb introduire une s\u00e9rie de recours en justice contre des instructions ou des pratiques ill\u00e9gales de l\u2019\u00c9tat belge en mati\u00e8re d\u2019accueil. Ainsi en 2018, suite \u00e0 l\u2019instauration<br \/>\nde quotas journaliers de personnes pouvant \u00eatre enregistr\u00e9es au centre d\u2019arriv\u00e9e\u2026 Puis d\u00e9but 2020, contre<br \/>\nl\u2019exclusion de l\u2019accueil de certaines cat\u00e9gories de demandeur\u00b7euse\u00b7s de protection en raison de la saturation<br \/>\ndu r\u00e9seau d\u2019accueil. Ou encore quelques mois plus tard, quand apr\u00e8s avoir arr\u00eat\u00e9 d\u2019enregistrer les demandes<br \/>\nde protection internationale au centre d\u2019arriv\u00e9e, les autorit\u00e9s ont mis en place un syst\u00e8me de demande de rendez-vous en ligne, qui diff\u00e9rait parfois pendant des mois l\u2019octroi d\u2019une place d\u2019accueil.<br \/>\nElles ont gagn\u00e9 tous ces recours. Mais ce ne sont pas des victoires.<br \/>\nCe manque de gestion de l\u2019accueil est un jeu cynique et indigne. Son co\u00fbt humain est inestimable, d\u2019abord pour<br \/>\nles demandeur\u00b7euse\u00b7s de protection, puis pour les travailleur\u00b7euse\u00b7s de l\u2019accueil, dont le r\u00f4le est mis \u00e0 mal.<br \/>\nLes cons\u00e9quences financi\u00e8res de ce d\u00e9faut de planification sont d\u00e9sastreuses. Et l\u2019impact sur la cr\u00e9dibilit\u00e9 des<br \/>\nautorit\u00e9s belges n\u2019est pas en reste\u2026<br \/>\nNous avons mis l\u2019\u00c9tat en demeure de respecter le droit d\u2019asile et le droit d\u2019accueil. Sans r\u00e9sultat. Le non-respect de ces droits fondamentaux pr\u00e9vaut toujours et la situation va s\u2019aggraver avec le froid qui s\u2019installe. Nous<br \/>\nn\u2019avons, une fois de plus, d\u2019autre choix que de recourir \u00e0 la justice.<br \/>\nChronique d\u2019une crise annonc\u00e9e, histoire sans fin, \u00e9ternel retour\u2026 Il est plus que temps de travailler \u00e0 un autre<br \/>\nsc\u00e9nario et \u00e0 un autre mod\u00e8le d\u2019accueil.<\/p>\n<h6>Signataires:<\/h6>\n<ul>\n<li>Coordination et Initiatives pour les R\u00e9fugi\u00e9s et les \u00c9trangers (CIR\u00c9)<\/li>\n<li>Vluchtelingenwerk Vlaanderen<\/li>\n<li>Samenlevingsopbouw \/ SAAMO<\/li>\n<li>NANSEN vzw<\/li>\n<li>Avocats.be &#8211; Ordre des Barreaux francophones et germanophones (OBFG)<\/li>\n<li>M\u00a0\u00bb\u00e9decins sans fronti\u00e8res (MSF) Belgique \/ Artsen zonder grenzen (AZG) Belgi\u00eb<\/li>\n<li>Medecins du monde \/ Dokters van de Wereld<\/li>\n<li>Ligue des Droits humains \/ Liga voor Mensenrechten<\/li>\n<li>La Ligue des Droits humains (LDH)<\/li>\n<li>Association pour le droit des \u00e9trangers (ADDE)<\/li>\n<\/ul>\n","protected":false},"excerpt":{"rendered":"<p>Communiqu\u00e9 de presse &#8211; 16 november 2021 Le r\u00e9seau d\u2019accueil est une fois de plus satur\u00e9. Depuis pr\u00e8s de quatre semaines et ce matin encore, de nombreuses personnes se voient refuser l\u2019enregistrement de leur demande de protection et nier leur droit \u00e0 l\u2019accueil aupr\u00e8s du centre d\u2019arriv\u00e9e, qui par ailleurs \u00e9tait ferm\u00e9 ces cinq derniers&hellip;<\/p>\n","protected":false},"author":8,"featured_media":9839,"comment_status":"open","ping_status":"open","sticky":false,"template":"","format":"standard","meta":{"_acf_changed":false,"_analytify_skip_tracking":false,"footnotes":""},"categories":[499],"tags":[],"post_series":[],"class_list":["post-9943","post","type-post","status-publish","format-standard","has-post-thumbnail","hentry","category-nieuwsbericht-fr","thema-citoyennete-collective","thema-defense-des-interets","thema-sociale-bescherming-fr","thema-solidarite","regio-bruxelles","entry","has-media"],"acf":[],"_links":{"self":[{"href":"https:\/\/www.saamo.be\/fr\/wp-json\/wp\/v2\/posts\/9943","targetHints":{"allow":["GET"]}}],"collection":[{"href":"https:\/\/www.saamo.be\/fr\/wp-json\/wp\/v2\/posts"}],"about":[{"href":"https:\/\/www.saamo.be\/fr\/wp-json\/wp\/v2\/types\/post"}],"author":[{"embeddable":true,"href":"https:\/\/www.saamo.be\/fr\/wp-json\/wp\/v2\/users\/8"}],"replies":[{"embeddable":true,"href":"https:\/\/www.saamo.be\/fr\/wp-json\/wp\/v2\/comments?post=9943"}],"version-history":[{"count":2,"href":"https:\/\/www.saamo.be\/fr\/wp-json\/wp\/v2\/posts\/9943\/revisions"}],"predecessor-version":[{"id":9959,"href":"https:\/\/www.saamo.be\/fr\/wp-json\/wp\/v2\/posts\/9943\/revisions\/9959"}],"wp:featuredmedia":[{"embeddable":true,"href":"https:\/\/www.saamo.be\/fr\/wp-json\/wp\/v2\/media\/9839"}],"wp:attachment":[{"href":"https:\/\/www.saamo.be\/fr\/wp-json\/wp\/v2\/media?parent=9943"}],"wp:term":[{"taxonomy":"category","embeddable":true,"href":"https:\/\/www.saamo.be\/fr\/wp-json\/wp\/v2\/categories?post=9943"},{"taxonomy":"post_tag","embeddable":true,"href":"https:\/\/www.saamo.be\/fr\/wp-json\/wp\/v2\/tags?post=9943"},{"taxonomy":"post_series","embeddable":true,"href":"https:\/\/www.saamo.be\/fr\/wp-json\/wp\/v2\/post_series?post=9943"}],"curies":[{"name":"wp","href":"https:\/\/api.w.org\/{rel}","templated":true}]}}